{"id":465,"count":1,"description":"<a href=\"https:\/\/kuechen-baeder.fust.ch\/fr\/succursale\/exposition-de-cuisines-frauenfeld\/\">Frauenfeld<\/a>","link":"https:\/\/kuechen-baeder.fust.ch\/fr\/succursales\/expositions-de-cuisines-expositions-de-salles-de-bains\/canton_thurgovie\/","name":"Thurgovie","slug":"canton_thurgovie","taxonomy":"wpsl_store_category","parent":0,"meta":[],"acf":[],"z_taxonomy_image_url":"https:\/\/kuechen-baeder.fust.ch\/wp-content\/plugins\/categories-images\/assets\/images\/placeholder.png","yoast_head":"<!-- This site is optimized with the Yoast SEO plugin v27.4 - https:\/\/yoast.com\/product\/yoast-seo-wordpress\/ -->\n<title>Fust K\u00fcchen- und Badausstellungen: Thurgovie - Jetzt Ausstellung finden<\/title>\n<meta name=\"description\" content=\"Expositions de cuisines et salles de bains: Thurgovie. Trouvez une filiale pr\u00e8s de chez vous. Conseils professionnels par nos sp\u00e9cialistes.\" \/>\n<meta name=\"robots\" content=\"index, follow, max-snippet:-1, max-image-preview:large, max-video-preview:-1\" \/>\n<link rel=\"canonical\" href=\"https:\/\/kuechen-baeder.fust.ch\/standorte\/kuechenausstellungen-und-badausstellungen\/kanton_thurgau\/\" \/>\n<meta property=\"og:locale\" content=\"fr_FR\" \/>\n<meta property=\"og:type\" content=\"article\" \/>\n<meta property=\"og:title\" content=\"Fust K\u00fcchen- und Badausstellungen: Thurgovie - Jetzt Ausstellung finden\" \/>\n<meta property=\"og:description\" content=\"Expositions de cuisines et salles de bains: Thurgovie. Trouvez une filiale pr\u00e8s de chez vous. Conseils professionnels par nos sp\u00e9cialistes.\" \/>\n<meta property=\"og:url\" content=\"https:\/\/kuechen-baeder.fust.ch\/standorte\/kuechenausstellungen-und-badausstellungen\/kanton_thurgau\/\" \/>\n<meta property=\"og:site_name\" content=\"Fust Cuisines &amp; Bains\" \/>\n<meta name=\"twitter:card\" content=\"summary_large_image\" \/>\n<script type=\"application\/ld+json\" class=\"yoast-schema-graph\">{\"@context\":\"https:\\\/\\\/schema.org\",\"@graph\":[{\"@type\":\"CollectionPage\",\"@id\":\"https:\\\/\\\/kuechen-baeder.fust.ch\\\/standorte\\\/kuechenausstellungen-und-badausstellungen\\\/kanton_thurgau\\\/\",\"url\":\"https:\\\/\\\/kuechen-baeder.fust.ch\\\/standorte\\\/kuechenausstellungen-und-badausstellungen\\\/kanton_thurgau\\\/\",\"name\":\"Fust K\u00fcchen- und Badausstellungen: Thurgovie - Jetzt Ausstellung finden\",\"isPartOf\":{\"@id\":\"https:\\\/\\\/kuechen-baeder.fust.ch\\\/fr\\\/#website\"},\"description\":\"Expositions de cuisines et salles de bains: Thurgovie. Trouvez une filiale pr\u00e8s de chez vous. Conseils professionnels par nos sp\u00e9cialistes.\",\"breadcrumb\":{\"@id\":\"https:\\\/\\\/kuechen-baeder.fust.ch\\\/standorte\\\/kuechenausstellungen-und-badausstellungen\\\/kanton_thurgau\\\/#breadcrumb\"},\"inLanguage\":\"fr-FR\"},{\"@type\":\"BreadcrumbList\",\"@id\":\"https:\\\/\\\/kuechen-baeder.fust.ch\\\/standorte\\\/kuechenausstellungen-und-badausstellungen\\\/kanton_thurgau\\\/#breadcrumb\",\"itemListElement\":[{\"@type\":\"ListItem\",\"position\":1,\"name\":\"Home\",\"item\":\"https:\\\/\\\/kuechen-baeder.fust.ch\\\/fr\\\/\"},{\"@type\":\"ListItem\",\"position\":2,\"name\":\"Thurgau\"}]},{\"@type\":\"WebSite\",\"@id\":\"https:\\\/\\\/kuechen-baeder.fust.ch\\\/fr\\\/#website\",\"url\":\"https:\\\/\\\/kuechen-baeder.fust.ch\\\/fr\\\/\",\"name\":\"Fust K\u00fcchen & B\u00e4der\",\"description\":\"Votre expert en cuisine et salle de bains avec plus de 45 ans d&#039;exp\u00e9rience et des expositions dans toute la Suisse.\",\"publisher\":{\"@id\":\"https:\\\/\\\/kuechen-baeder.fust.ch\\\/fr\\\/#organization\"},\"potentialAction\":[{\"@type\":\"SearchAction\",\"target\":{\"@type\":\"EntryPoint\",\"urlTemplate\":\"https:\\\/\\\/kuechen-baeder.fust.ch\\\/fr\\\/?s={search_term_string}\"},\"query-input\":{\"@type\":\"PropertyValueSpecification\",\"valueRequired\":true,\"valueName\":\"search_term_string\"}}],\"inLanguage\":\"fr-FR\"},{\"@type\":\"Organization\",\"@id\":\"https:\\\/\\\/kuechen-baeder.fust.ch\\\/fr\\\/#organization\",\"name\":\"Fust K\u00fcchen & B\u00e4der\",\"url\":\"https:\\\/\\\/kuechen-baeder.fust.ch\\\/fr\\\/\",\"logo\":{\"@type\":\"ImageObject\",\"inLanguage\":\"fr-FR\",\"@id\":\"https:\\\/\\\/kuechen-baeder.fust.ch\\\/fr\\\/#\\\/schema\\\/logo\\\/image\\\/\",\"url\":\"https:\\\/\\\/kuechen-baeder.fust.ch\\\/wp-content\\\/uploads\\\/2025\\\/08\\\/cropped-Fust_KuechenBaeder-Fust_schwarz-orange_RGB-scaled-2.png\",\"contentUrl\":\"https:\\\/\\\/kuechen-baeder.fust.ch\\\/wp-content\\\/uploads\\\/2025\\\/08\\\/cropped-Fust_KuechenBaeder-Fust_schwarz-orange_RGB-scaled-2.png\",\"width\":2559,\"height\":1521,\"caption\":\"Fust K\u00fcchen & B\u00e4der\"},\"image\":{\"@id\":\"https:\\\/\\\/kuechen-baeder.fust.ch\\\/fr\\\/#\\\/schema\\\/logo\\\/image\\\/\"}}]}<\/script>\n<!-- \/ Yoast SEO plugin. -->","yoast_head_json":{"title":"Fust K\u00fcchen- und Badausstellungen: Thurgovie - Jetzt Ausstellung finden","description":"Expositions de cuisines et salles de bains: Thurgovie. Trouvez une filiale pr\u00e8s de chez vous. Conseils professionnels par nos sp\u00e9cialistes.","robots":{"index":"index","follow":"follow","max-snippet":"max-snippet:-1","max-image-preview":"max-image-preview:large","max-video-preview":"max-video-preview:-1"},"canonical":"https:\/\/kuechen-baeder.fust.ch\/standorte\/kuechenausstellungen-und-badausstellungen\/kanton_thurgau\/","og_locale":"fr_FR","og_type":"article","og_title":"Fust K\u00fcchen- und Badausstellungen: Thurgovie - Jetzt Ausstellung finden","og_description":"Expositions de cuisines et salles de bains: Thurgovie. Trouvez une filiale pr\u00e8s de chez vous. Conseils professionnels par nos sp\u00e9cialistes.","og_url":"https:\/\/kuechen-baeder.fust.ch\/standorte\/kuechenausstellungen-und-badausstellungen\/kanton_thurgau\/","og_site_name":"Fust Cuisines &amp; Bains","twitter_card":"summary_large_image","schema":{"@context":"https:\/\/schema.org","@graph":[{"@type":"CollectionPage","@id":"https:\/\/kuechen-baeder.fust.ch\/standorte\/kuechenausstellungen-und-badausstellungen\/kanton_thurgau\/","url":"https:\/\/kuechen-baeder.fust.ch\/standorte\/kuechenausstellungen-und-badausstellungen\/kanton_thurgau\/","name":"Fust K\u00fcchen- und Badausstellungen: Thurgovie - Jetzt Ausstellung finden","isPartOf":{"@id":"https:\/\/kuechen-baeder.fust.ch\/fr\/#website"},"description":"Expositions de cuisines et salles de bains: Thurgovie. Trouvez une filiale pr\u00e8s de chez vous. Conseils professionnels par nos sp\u00e9cialistes.","breadcrumb":{"@id":"https:\/\/kuechen-baeder.fust.ch\/standorte\/kuechenausstellungen-und-badausstellungen\/kanton_thurgau\/#breadcrumb"},"inLanguage":"fr-FR"},{"@type":"BreadcrumbList","@id":"https:\/\/kuechen-baeder.fust.ch\/standorte\/kuechenausstellungen-und-badausstellungen\/kanton_thurgau\/#breadcrumb","itemListElement":[{"@type":"ListItem","position":1,"name":"Home","item":"https:\/\/kuechen-baeder.fust.ch\/fr\/"},{"@type":"ListItem","position":2,"name":"Thurgau"}]},{"@type":"WebSite","@id":"https:\/\/kuechen-baeder.fust.ch\/fr\/#website","url":"https:\/\/kuechen-baeder.fust.ch\/fr\/","name":"Fust K\u00fcchen & B\u00e4der","description":"Votre expert en cuisine et salle de bains avec plus de 45 ans d&#039;exp\u00e9rience et des expositions dans toute la Suisse.","publisher":{"@id":"https:\/\/kuechen-baeder.fust.ch\/fr\/#organization"},"potentialAction":[{"@type":"SearchAction","target":{"@type":"EntryPoint","urlTemplate":"https:\/\/kuechen-baeder.fust.ch\/fr\/?s={search_term_string}"},"query-input":{"@type":"PropertyValueSpecification","valueRequired":true,"valueName":"search_term_string"}}],"inLanguage":"fr-FR"},{"@type":"Organization","@id":"https:\/\/kuechen-baeder.fust.ch\/fr\/#organization","name":"Fust K\u00fcchen & B\u00e4der","url":"https:\/\/kuechen-baeder.fust.ch\/fr\/","logo":{"@type":"ImageObject","inLanguage":"fr-FR","@id":"https:\/\/kuechen-baeder.fust.ch\/fr\/#\/schema\/logo\/image\/","url":"https:\/\/kuechen-baeder.fust.ch\/wp-content\/uploads\/2025\/08\/cropped-Fust_KuechenBaeder-Fust_schwarz-orange_RGB-scaled-2.png","contentUrl":"https:\/\/kuechen-baeder.fust.ch\/wp-content\/uploads\/2025\/08\/cropped-Fust_KuechenBaeder-Fust_schwarz-orange_RGB-scaled-2.png","width":2559,"height":1521,"caption":"Fust K\u00fcchen & B\u00e4der"},"image":{"@id":"https:\/\/kuechen-baeder.fust.ch\/fr\/#\/schema\/logo\/image\/"}}]}},"_links":{"self":[{"href":"https:\/\/kuechen-baeder.fust.ch\/fr\/wp-json\/wp\/v2\/wpsl_store_category\/465","targetHints":{"allow":["GET"]}}],"collection":[{"href":"https:\/\/kuechen-baeder.fust.ch\/fr\/wp-json\/wp\/v2\/wpsl_store_category"}],"about":[{"href":"https:\/\/kuechen-baeder.fust.ch\/fr\/wp-json\/wp\/v2\/taxonomies\/wpsl_store_category"}],"wp:post_type":[{"href":"https:\/\/kuechen-baeder.fust.ch\/fr\/wp-json\/wp\/v2\/wpsl_stores?wpsl_store_category=465"}],"curies":[{"name":"wp","href":"https:\/\/api.w.org\/{rel}","templated":true}]}}